{"id":394,"date":"2020-06-17T14:02:35","date_gmt":"2020-06-17T14:02:35","guid":{"rendered":"https:\/\/mechanicats.ro\/blog\/?p=394"},"modified":"2020-06-19T08:40:21","modified_gmt":"2020-06-19T08:40:21","slug":"raliul-argesului-catena-2020-harta-programul-evenimentului-si-alte-informatii","status":"publish","type":"post","link":"https:\/\/mechanicats.ro\/blog\/evenimente-auto\/raliul-argesului-catena-2020-harta-programul-evenimentului-si-alte-informatii\/","title":{"rendered":"Raliul Arge\u015fului Catena 2020 &#8211; Harta, programul evenimentului \u015fi alte informa\u0163ii"},"content":{"rendered":"\n<p>Cu o \u00eent\u00e2rziere care ne-a lungit tuturor urechilor, Campionatul Na\u0163ional de Raliuri debuteaz\u0103 vineri, 26 iunie 2020, cu Raliul Arge\u015fului Catena, ajuns la a 20-a edi\u0163ie.<\/p>\n\n\n\n<!--more-->\n\n\n\n<p>Umbrele pandemiei nu ocolesc, \u00eens\u0103, motorsportul. Num\u0103rul participan\u0163ilor a fost redus la 70 de echipaje \u015fi, mai important dec\u00e2t orice alt aspect, raliul se va desf\u0103\u015fura f\u0103r\u0103 spectatori. Salutar\u0103 \u00eenceperea campionatului, dar \u015ftirbit\u0103 de cel mai important factor \u2013 fanii.<\/p>\n\n\n\n<p>Startul raliului se va numi \u00een continuare festiv, chiar dac\u0103 acesta va presupune doar urcarea pe podium, pauz\u0103 pentru poze \u015fi scurt interviu, zero autografe, \u015fi la drum spre PS1.<\/p>\n\n\n\n<p>Vineri vor avea loc primele doua probe speciale, Godeni 1 \u015fi 2, \u00een zona C\u00e2mpulung Muscel, acoperind c\u0103te 12.40 km pe trecere. Primul c\u00e2\u015ftig\u0103tor \u00eel vom afla s\u0103mb\u0103t\u0103, c\u00e2nd vor fi parcurse \u00eenca 4, cu Power Stage cu tot \u2013 respectiv \u00eenc\u0103 79.80 km de probe speciale, totaliz\u00e2nd, astfel, 104,60 km \u00een regim de rally, to\u0163i pe asfalt. Festivitatea de premiere va fi fotografiat\u0103 tot s\u00e2mb\u0103t\u0103, estimat\u0103 fiind la 18:30.<\/p>\n\n\n\n<h3>Program<\/h3>\n\n\n\n<p><strong>Vineri, 26 iunie 2020<\/strong><br>17:28 &#8211; PS1 Godeni 1<br>18:51 &#8211; PS2 Godeni 2<\/p>\n\n\n\n<p><strong>Sambata, 27 iunie 2020<\/strong><br>11:43 &#8211; PS3 Lacul Vidraru<br>12:21 &#8211; PS4 Transfagarasan<br>14:34 &#8211; PS5 Piscul Negru<br>14:52 &#8211; PS6 Lacul Vidraru Power Stage<br>18:30 &#8211; Festivitatea de premiere<\/p>\n\n\n\n<h3>Harta<\/h3>\n\n\n\n<div class=\"wp-block-image\"><figure class=\"aligncenter size-large\"><img decoding=\"async\" loading=\"lazy\" width=\"643\" height=\"1024\" src=\"https:\/\/mechanicats.ro\/blog\/wp-content\/uploads\/2020\/06\/Harta-generala-643x1024.jpeg\" alt=\"\" class=\"wp-image-395\" srcset=\"https:\/\/mechanicats.ro\/blog\/wp-content\/uploads\/2020\/06\/Harta-generala-643x1024.jpeg 643w, https:\/\/mechanicats.ro\/blog\/wp-content\/uploads\/2020\/06\/Harta-generala-188x300.jpeg 188w, https:\/\/mechanicats.ro\/blog\/wp-content\/uploads\/2020\/06\/Harta-generala-768x1223.jpeg 768w, https:\/\/mechanicats.ro\/blog\/wp-content\/uploads\/2020\/06\/Harta-generala-965x1536.jpeg 965w, https:\/\/mechanicats.ro\/blog\/wp-content\/uploads\/2020\/06\/Harta-generala-480x764.jpeg 480w, https:\/\/mechanicats.ro\/blog\/wp-content\/uploads\/2020\/06\/Harta-generala.jpeg 1005w\" sizes=\"(max-width: 643px) 100vw, 643px\" \/><\/figure><\/div>\n\n\n\n<p>Din fericire, organizatorul va asigura transmisia live, pe Facebook, a raliului, a\u015fa c\u0103 putem doar s\u0103 te invit\u0103m acolo&#8230;<\/p>\n","protected":false},"excerpt":{"rendered":"<p>Cu o \u00eent\u00e2rziere care ne-a lungit tuturor urechilor, Campionatul Na\u0163ional de Raliuri debuteaz\u0103 vineri, 26 iunie 2020, cu Raliul Arge\u015fului [&hellip;]<\/p>\n","protected":false},"author":2,"featured_media":396,"comment_status":"open","ping_status":"open","sticky":false,"template":"","format":"standard","meta":{"_monsterinsights_skip_tracking":false,"_monsterinsights_sitenote_active":false,"_monsterinsights_sitenote_note":"","_monsterinsights_sitenote_category":0},"categories":[20,19],"tags":[53,104,103],"yoast_head":"<!-- This site is optimized with the Yoast SEO plugin v21.1 - https:\/\/yoast.com\/wordpress\/plugins\/seo\/ -->\n<title>Raliul Arge\u015fului Catena 2020 - Harta, programul evenimentului \u015fi alte informa\u0163ii - Blogul Mechanicats<\/title>\n<meta name=\"robots\" content=\"index, follow, max-snippet:-1, max-image-preview:large, max-video-preview:-1\" \/>\n<link rel=\"canonical\" href=\"https:\/\/mechanicats.ro\/blog\/evenimente-auto\/raliul-argesului-catena-2020-harta-programul-evenimentului-si-alte-informatii\/\" \/>\n<meta property=\"og:locale\" content=\"ro_RO\" \/>\n<meta property=\"og:type\" content=\"article\" \/>\n<meta property=\"og:title\" content=\"Raliul Arge\u015fului Catena 2020 - Harta, programul evenimentului \u015fi alte informa\u0163ii - Blogul Mechanicats\" \/>\n<meta property=\"og:description\" content=\"Cu o \u00eent\u00e2rziere care ne-a lungit tuturor urechilor, Campionatul Na\u0163ional de Raliuri debuteaz\u0103 vineri, 26 iunie 2020, cu Raliul Arge\u015fului [&hellip;]\" \/>\n<meta property=\"og:url\" content=\"https:\/\/mechanicats.ro\/blog\/evenimente-auto\/raliul-argesului-catena-2020-harta-programul-evenimentului-si-alte-informatii\/\" \/>\n<meta property=\"og:site_name\" content=\"Blogul Mechanicats\" \/>\n<meta property=\"article:published_time\" content=\"2020-06-17T14:02:35+00:00\" \/>\n<meta property=\"article:modified_time\" content=\"2020-06-19T08:40:21+00:00\" \/>\n<meta property=\"og:image\" content=\"https:\/\/mechanicats.ro\/blog\/wp-content\/uploads\/2020\/06\/rac.jpg\" \/>\n\t<meta property=\"og:image:width\" content=\"2048\" \/>\n\t<meta property=\"og:image:height\" content=\"1365\" \/>\n\t<meta property=\"og:image:type\" content=\"image\/jpeg\" \/>\n<meta name=\"author\" content=\"Mihnea A\" \/>\n<meta name=\"twitter:card\" content=\"summary_large_image\" \/>\n<meta name=\"twitter:label1\" content=\"Scris de\" \/>\n\t<meta name=\"twitter:data1\" content=\"Mihnea A\" \/>\n\t<meta name=\"twitter:label2\" content=\"Timp estimat pentru citire\" \/>\n\t<meta name=\"twitter:data2\" content=\"1 minut\" \/>\n<script type=\"application\/ld+json\" class=\"yoast-schema-graph\">{\"@context\":\"https:\/\/schema.org\",\"@graph\":[{\"@type\":\"Article\",\"@id\":\"https:\/\/mechanicats.ro\/blog\/evenimente-auto\/raliul-argesului-catena-2020-harta-programul-evenimentului-si-alte-informatii\/#article\",\"isPartOf\":{\"@id\":\"https:\/\/mechanicats.ro\/blog\/evenimente-auto\/raliul-argesului-catena-2020-harta-programul-evenimentului-si-alte-informatii\/\"},\"author\":{\"name\":\"Mihnea A\",\"@id\":\"https:\/\/mechanicats.ro\/blog\/#\/schema\/person\/d00e4dbfbb5b762954b1e96024e309d0\"},\"headline\":\"Raliul Arge\u015fului Catena 2020 &#8211; Harta, programul evenimentului \u015fi alte informa\u0163ii\",\"datePublished\":\"2020-06-17T14:02:35+00:00\",\"dateModified\":\"2020-06-19T08:40:21+00:00\",\"mainEntityOfPage\":{\"@id\":\"https:\/\/mechanicats.ro\/blog\/evenimente-auto\/raliul-argesului-catena-2020-harta-programul-evenimentului-si-alte-informatii\/\"},\"wordCount\":240,\"commentCount\":0,\"publisher\":{\"@id\":\"https:\/\/mechanicats.ro\/blog\/#organization\"},\"keywords\":[\"cnr 2020\",\"program raliul argesului 2020\",\"Raliul Argesului 2020\"],\"articleSection\":[\"CNR\",\"Evenimente auto\"],\"inLanguage\":\"ro-RO\",\"potentialAction\":[{\"@type\":\"CommentAction\",\"name\":\"Comment\",\"target\":[\"https:\/\/mechanicats.ro\/blog\/evenimente-auto\/raliul-argesului-catena-2020-harta-programul-evenimentului-si-alte-informatii\/#respond\"]}]},{\"@type\":\"WebPage\",\"@id\":\"https:\/\/mechanicats.ro\/blog\/evenimente-auto\/raliul-argesului-catena-2020-harta-programul-evenimentului-si-alte-informatii\/\",\"url\":\"https:\/\/mechanicats.ro\/blog\/evenimente-auto\/raliul-argesului-catena-2020-harta-programul-evenimentului-si-alte-informatii\/\",\"name\":\"Raliul Arge\u015fului Catena 2020 - Harta, programul evenimentului \u015fi alte informa\u0163ii - Blogul Mechanicats\",\"isPartOf\":{\"@id\":\"https:\/\/mechanicats.ro\/blog\/#website\"},\"datePublished\":\"2020-06-17T14:02:35+00:00\",\"dateModified\":\"2020-06-19T08:40:21+00:00\",\"breadcrumb\":{\"@id\":\"https:\/\/mechanicats.ro\/blog\/evenimente-auto\/raliul-argesului-catena-2020-harta-programul-evenimentului-si-alte-informatii\/#breadcrumb\"},\"inLanguage\":\"ro-RO\",\"potentialAction\":[{\"@type\":\"ReadAction\",\"target\":[\"https:\/\/mechanicats.ro\/blog\/evenimente-auto\/raliul-argesului-catena-2020-harta-programul-evenimentului-si-alte-informatii\/\"]}]},{\"@type\":\"BreadcrumbList\",\"@id\":\"https:\/\/mechanicats.ro\/blog\/evenimente-auto\/raliul-argesului-catena-2020-harta-programul-evenimentului-si-alte-informatii\/#breadcrumb\",\"itemListElement\":[{\"@type\":\"ListItem\",\"position\":1,\"name\":\"Home\",\"item\":\"https:\/\/mechanicats.ro\/blog\/\"},{\"@type\":\"ListItem\",\"position\":2,\"name\":\"Raliul Arge\u015fului Catena 2020 &#8211; Harta, programul evenimentului \u015fi alte informa\u0163ii\"}]},{\"@type\":\"WebSite\",\"@id\":\"https:\/\/mechanicats.ro\/blog\/#website\",\"url\":\"https:\/\/mechanicats.ro\/blog\/\",\"name\":\"Blogul Mechanicats\",\"description\":\"\",\"publisher\":{\"@id\":\"https:\/\/mechanicats.ro\/blog\/#organization\"},\"potentialAction\":[{\"@type\":\"SearchAction\",\"target\":{\"@type\":\"EntryPoint\",\"urlTemplate\":\"https:\/\/mechanicats.ro\/blog\/?s={search_term_string}\"},\"query-input\":\"required name=search_term_string\"}],\"inLanguage\":\"ro-RO\"},{\"@type\":\"Organization\",\"@id\":\"https:\/\/mechanicats.ro\/blog\/#organization\",\"name\":\"Blogul Mechanicats\",\"url\":\"https:\/\/mechanicats.ro\/blog\/\",\"logo\":{\"@type\":\"ImageObject\",\"inLanguage\":\"ro-RO\",\"@id\":\"https:\/\/mechanicats.ro\/blog\/#\/schema\/logo\/image\/\",\"url\":\"https:\/\/mechanicats.ro\/blog\/wp-content\/uploads\/2019\/10\/cropped-pis1-6.png\",\"contentUrl\":\"https:\/\/mechanicats.ro\/blog\/wp-content\/uploads\/2019\/10\/cropped-pis1-6.png\",\"width\":1745,\"height\":936,\"caption\":\"Blogul Mechanicats\"},\"image\":{\"@id\":\"https:\/\/mechanicats.ro\/blog\/#\/schema\/logo\/image\/\"}},{\"@type\":\"Person\",\"@id\":\"https:\/\/mechanicats.ro\/blog\/#\/schema\/person\/d00e4dbfbb5b762954b1e96024e309d0\",\"name\":\"Mihnea A\",\"image\":{\"@type\":\"ImageObject\",\"inLanguage\":\"ro-RO\",\"@id\":\"https:\/\/mechanicats.ro\/blog\/#\/schema\/person\/image\/\",\"url\":\"https:\/\/secure.gravatar.com\/avatar\/0efe597046f9349da3bd3cf5e50a6d2a?s=96&d=mm&r=g\",\"contentUrl\":\"https:\/\/secure.gravatar.com\/avatar\/0efe597046f9349da3bd3cf5e50a6d2a?s=96&d=mm&r=g\",\"caption\":\"Mihnea A\"},\"url\":\"https:\/\/mechanicats.ro\/blog\/author\/mihnea\/\"}]}<\/script>\n<!-- \/ Yoast SEO plugin. -->","yoast_head_json":{"title":"Raliul Arge\u015fului Catena 2020 - Harta, programul evenimentului \u015fi alte informa\u0163ii - Blogul Mechanicats","robots":{"index":"index","follow":"follow","max-snippet":"max-snippet:-1","max-image-preview":"max-image-preview:large","max-video-preview":"max-video-preview:-1"},"canonical":"https:\/\/mechanicats.ro\/blog\/evenimente-auto\/raliul-argesului-catena-2020-harta-programul-evenimentului-si-alte-informatii\/","og_locale":"ro_RO","og_type":"article","og_title":"Raliul Arge\u015fului Catena 2020 - Harta, programul evenimentului \u015fi alte informa\u0163ii - Blogul Mechanicats","og_description":"Cu o \u00eent\u00e2rziere care ne-a lungit tuturor urechilor, Campionatul Na\u0163ional de Raliuri debuteaz\u0103 vineri, 26 iunie 2020, cu Raliul Arge\u015fului [&hellip;]","og_url":"https:\/\/mechanicats.ro\/blog\/evenimente-auto\/raliul-argesului-catena-2020-harta-programul-evenimentului-si-alte-informatii\/","og_site_name":"Blogul Mechanicats","article_published_time":"2020-06-17T14:02:35+00:00","article_modified_time":"2020-06-19T08:40:21+00:00","og_image":[{"width":2048,"height":1365,"url":"https:\/\/mechanicats.ro\/blog\/wp-content\/uploads\/2020\/06\/rac.jpg","type":"image\/jpeg"}],"author":"Mihnea A","twitter_card":"summary_large_image","twitter_misc":{"Scris de":"Mihnea A","Timp estimat pentru citire":"1 minut"},"schema":{"@context":"https:\/\/schema.org","@graph":[{"@type":"Article","@id":"https:\/\/mechanicats.ro\/blog\/evenimente-auto\/raliul-argesului-catena-2020-harta-programul-evenimentului-si-alte-informatii\/#article","isPartOf":{"@id":"https:\/\/mechanicats.ro\/blog\/evenimente-auto\/raliul-argesului-catena-2020-harta-programul-evenimentului-si-alte-informatii\/"},"author":{"name":"Mihnea A","@id":"https:\/\/mechanicats.ro\/blog\/#\/schema\/person\/d00e4dbfbb5b762954b1e96024e309d0"},"headline":"Raliul Arge\u015fului Catena 2020 &#8211; Harta, programul evenimentului \u015fi alte informa\u0163ii","datePublished":"2020-06-17T14:02:35+00:00","dateModified":"2020-06-19T08:40:21+00:00","mainEntityOfPage":{"@id":"https:\/\/mechanicats.ro\/blog\/evenimente-auto\/raliul-argesului-catena-2020-harta-programul-evenimentului-si-alte-informatii\/"},"wordCount":240,"commentCount":0,"publisher":{"@id":"https:\/\/mechanicats.ro\/blog\/#organization"},"keywords":["cnr 2020","program raliul argesului 2020","Raliul Argesului 2020"],"articleSection":["CNR","Evenimente auto"],"inLanguage":"ro-RO","potentialAction":[{"@type":"CommentAction","name":"Comment","target":["https:\/\/mechanicats.ro\/blog\/evenimente-auto\/raliul-argesului-catena-2020-harta-programul-evenimentului-si-alte-informatii\/#respond"]}]},{"@type":"WebPage","@id":"https:\/\/mechanicats.ro\/blog\/evenimente-auto\/raliul-argesului-catena-2020-harta-programul-evenimentului-si-alte-informatii\/","url":"https:\/\/mechanicats.ro\/blog\/evenimente-auto\/raliul-argesului-catena-2020-harta-programul-evenimentului-si-alte-informatii\/","name":"Raliul Arge\u015fului Catena 2020 - Harta, programul evenimentului \u015fi alte informa\u0163ii - Blogul Mechanicats","isPartOf":{"@id":"https:\/\/mechanicats.ro\/blog\/#website"},"datePublished":"2020-06-17T14:02:35+00:00","dateModified":"2020-06-19T08:40:21+00:00","breadcrumb":{"@id":"https:\/\/mechanicats.ro\/blog\/evenimente-auto\/raliul-argesului-catena-2020-harta-programul-evenimentului-si-alte-informatii\/#breadcrumb"},"inLanguage":"ro-RO","potentialAction":[{"@type":"ReadAction","target":["https:\/\/mechanicats.ro\/blog\/evenimente-auto\/raliul-argesului-catena-2020-harta-programul-evenimentului-si-alte-informatii\/"]}]},{"@type":"BreadcrumbList","@id":"https:\/\/mechanicats.ro\/blog\/evenimente-auto\/raliul-argesului-catena-2020-harta-programul-evenimentului-si-alte-informatii\/#breadcrumb","itemListElement":[{"@type":"ListItem","position":1,"name":"Home","item":"https:\/\/mechanicats.ro\/blog\/"},{"@type":"ListItem","position":2,"name":"Raliul Arge\u015fului Catena 2020 &#8211; Harta, programul evenimentului \u015fi alte informa\u0163ii"}]},{"@type":"WebSite","@id":"https:\/\/mechanicats.ro\/blog\/#website","url":"https:\/\/mechanicats.ro\/blog\/","name":"Blogul Mechanicats","description":"","publisher":{"@id":"https:\/\/mechanicats.ro\/blog\/#organization"},"potentialAction":[{"@type":"SearchAction","target":{"@type":"EntryPoint","urlTemplate":"https:\/\/mechanicats.ro\/blog\/?s={search_term_string}"},"query-input":"required name=search_term_string"}],"inLanguage":"ro-RO"},{"@type":"Organization","@id":"https:\/\/mechanicats.ro\/blog\/#organization","name":"Blogul Mechanicats","url":"https:\/\/mechanicats.ro\/blog\/","logo":{"@type":"ImageObject","inLanguage":"ro-RO","@id":"https:\/\/mechanicats.ro\/blog\/#\/schema\/logo\/image\/","url":"https:\/\/mechanicats.ro\/blog\/wp-content\/uploads\/2019\/10\/cropped-pis1-6.png","contentUrl":"https:\/\/mechanicats.ro\/blog\/wp-content\/uploads\/2019\/10\/cropped-pis1-6.png","width":1745,"height":936,"caption":"Blogul Mechanicats"},"image":{"@id":"https:\/\/mechanicats.ro\/blog\/#\/schema\/logo\/image\/"}},{"@type":"Person","@id":"https:\/\/mechanicats.ro\/blog\/#\/schema\/person\/d00e4dbfbb5b762954b1e96024e309d0","name":"Mihnea A","image":{"@type":"ImageObject","inLanguage":"ro-RO","@id":"https:\/\/mechanicats.ro\/blog\/#\/schema\/person\/image\/","url":"https:\/\/secure.gravatar.com\/avatar\/0efe597046f9349da3bd3cf5e50a6d2a?s=96&d=mm&r=g","contentUrl":"https:\/\/secure.gravatar.com\/avatar\/0efe597046f9349da3bd3cf5e50a6d2a?s=96&d=mm&r=g","caption":"Mihnea A"},"url":"https:\/\/mechanicats.ro\/blog\/author\/mihnea\/"}]}},"_links":{"self":[{"href":"https:\/\/mechanicats.ro\/blog\/wp-json\/wp\/v2\/posts\/394"}],"collection":[{"href":"https:\/\/mechanicats.ro\/blog\/wp-json\/wp\/v2\/posts"}],"about":[{"href":"https:\/\/mechanicats.ro\/blog\/wp-json\/wp\/v2\/types\/post"}],"author":[{"embeddable":true,"href":"https:\/\/mechanicats.ro\/blog\/wp-json\/wp\/v2\/users\/2"}],"replies":[{"embeddable":true,"href":"https:\/\/mechanicats.ro\/blog\/wp-json\/wp\/v2\/comments?post=394"}],"version-history":[{"count":2,"href":"https:\/\/mechanicats.ro\/blog\/wp-json\/wp\/v2\/posts\/394\/revisions"}],"predecessor-version":[{"id":398,"href":"https:\/\/mechanicats.ro\/blog\/wp-json\/wp\/v2\/posts\/394\/revisions\/398"}],"wp:featuredmedia":[{"embeddable":true,"href":"https:\/\/mechanicats.ro\/blog\/wp-json\/wp\/v2\/media\/396"}],"wp:attachment":[{"href":"https:\/\/mechanicats.ro\/blog\/wp-json\/wp\/v2\/media?parent=394"}],"wp:term":[{"taxonomy":"category","embeddable":true,"href":"https:\/\/mechanicats.ro\/blog\/wp-json\/wp\/v2\/categories?post=394"},{"taxonomy":"post_tag","embeddable":true,"href":"https:\/\/mechanicats.ro\/blog\/wp-json\/wp\/v2\/tags?post=394"}],"curies":[{"name":"wp","href":"https:\/\/api.w.org\/{rel}","templated":true}]}}